{"id":32495,"date":"2022-12-07T11:11:40","date_gmt":"2022-12-07T10:11:40","guid":{"rendered":"https:\/\/lettere.biblio.uniroma2.it\/?post_type=news&amp;p=32495"},"modified":"2022-12-07T11:11:40","modified_gmt":"2022-12-07T10:11:40","slug":"incontro-musicale","status":"publish","type":"news","link":"https:\/\/www-2023.lettere.biblio.uniroma2.it\/en\/news\/incontro-musicale\/","title":{"rendered":"Incontro musicale"},"content":{"rendered":"<p>Il 13 Dicembre, presso la Sala Di Consultazione della Biblioteca, si terr\u00e0 un breve concerto jazz. L&#8217;incontro musicale, che vedr\u00e0 protagonisti studenti e volontari del Servizio Civile Universale, avr\u00e0 inizio alle 18.30.<br \/>\nLa Biblioteca rimarr\u00e0 aperta al pubblico, pertanto, tutti gli utenti non interessati al concerto, avranno la possibilit\u00e0 di studiare nell&#8217;area non attigua a quella impegnata dal concerto.<br \/>\nVi aspettiamo.<br \/>\nGrazie<br \/>\nLa Direzione<\/p>\n","protected":false},"featured_media":32507,"parent":0,"menu_order":0,"template":"","format":"standard","categories":[],"tags":[],"class_list":["post-32495","news","type-news","status-publish","format-standard","has-post-thumbnail","hentry","description-off"],"_links":{"self":[{"href":"https:\/\/www-2023.lettere.biblio.uniroma2.it\/en\/wp-json\/wp\/v2\/news\/32495","targetHints":{"allow":["GET"]}}],"collection":[{"href":"https:\/\/www-2023.lettere.biblio.uniroma2.it\/en\/wp-json\/wp\/v2\/news"}],"about":[{"href":"https:\/\/www-2023.lettere.biblio.uniroma2.it\/en\/wp-json\/wp\/v2\/types\/news"}],"wp:featuredmedia":[{"embeddable":true,"href":"https:\/\/www-2023.lettere.biblio.uniroma2.it\/en\/wp-json\/"}],"wp:attachment":[{"href":"https:\/\/www-2023.lettere.biblio.uniroma2.it\/en\/wp-json\/wp\/v2\/media?parent=32495"}],"wp:term":[{"taxonomy":"category","embeddable":true,"href":"https:\/\/www-2023.lettere.biblio.uniroma2.it\/en\/wp-json\/wp\/v2\/categories?post=32495"},{"taxonomy":"post_tag","embeddable":true,"href":"https:\/\/www-2023.lettere.biblio.uniroma2.it\/en\/wp-json\/wp\/v2\/tags?post=32495"}],"curies":[{"name":"wp","href":"https:\/\/api.w.org\/{rel}","templated":true}]}}